{"id":1,"date":"2024-09-11T17:24:41","date_gmt":"2024-09-11T15:24:41","guid":{"rendered":"https:\/\/site.canvayo.com\/democontent\/?p=1"},"modified":"2024-11-27T11:41:13","modified_gmt":"2024-11-27T10:41:13","slug":"flyvbird-praesentiert-innovatives-konzept-am-bodensee-airport","status":"publish","type":"post","link":"https:\/\/www.bodensee-airport.eu\/en\/flyvbird-praesentiert-innovatives-konzept-am-bodensee-airport\/","title":{"rendered":"flyvbird pr\u00e4sentiert innovatives Konzept am Bodensee-Airport"},"content":{"rendered":"<p><strong>Reisende gestalten den Flugplan selbst:<\/strong><br \/><strong>flyvbird pr\u00e4sentiert innovatives Konzept am Bodensee-Airport<\/strong><\/p>\n<p><strong>Start: 05. Mai 2025 am Bodensee-Airport Friedrichshafen<\/strong><\/p>\n<p>Das deutsche Start-up flyvbird stellte gestern am Bodensee-Airport sein innovatives Konzept vor, das es Reisenden erm\u00f6glicht, den Flugplan aktiv mitzugestalten. Vor interessierten Unternehmen der Region pr\u00e4sentierten die Gr\u00fcnder Tomislav Lang und Anton Lutz gemeinsam mit ihrem Team und den Investoren die Details des Produkts sowie ihre Vision f\u00fcr die Zukunft der Luftfahrt. flyvbird bietet eine flexible und individuelle Art zu reisen, die die Bed\u00fcrfnissen der Passagiere in den Mittelpunkt stellt.<\/p>\n<p>Rund 30 G\u00e4ste aus der Region folgten der Vorstellung von flyvbird und konnten sich anschlie\u00dfend in mehreren Rundfl\u00fcgen \u00fcber dem Bodensee, vom Flugzeug, einer 9-sitzigen Tecnam P2012 \u00fcberzeugen.<\/p>\n<p>\u201eAm 05. Mai 2025 starten wir vom Bodensee-Airport aus zu unserem ersten kommerziellen Flug\u201c, so Anton Lutz, Gesch\u00e4ftsf\u00fchrer des Unternehmens und Kopf hinter der Algorithmus-basierten Buchungsseite von flyvbird. \u201eflyvbird verbindet Spitzentechnologie mit den Bed\u00fcrfnissen moderner Reisender und ebnet den Weg f\u00fcr eine nachhaltige Zukunft der Luftfahrt\u201c, so Anton Lutz weiter.<\/p>\n<p>Ziel ist es direkt und nachhaltig kleinere Flugh\u00e4fen miteinander zu verbinden und insbesondere Gesch\u00e4ftsreisenden damit einen zeitsparenden und direkten Weg zu ihrem Zielort zu bieten.<\/p>\n<p>Claus-Dieter Wehr, Gesch\u00e4ftsf\u00fchrer des Flughafens Friedrichshafen freut sich sehr \u00fcber diese Ank\u00fcndigung: \u201eDie wirtschaftsstarke Bodenseeregion, die Mobilit\u00e4tsbed\u00fcrfnisse der Wirtschaft und der Bodensee-Airport bieten flyvbird ideale Rahmenbedingungen f\u00fcr den Start. Wir freuen uns sehr \u00fcber die Ank\u00fcndigung der flyvbird, die weltweite Premiere der Idee hier am Standort am 05. Mai kommenden Jahres Realit\u00e4t werden zu lassen.\u201c<\/p>\n<p><strong>\u00dcber flyvbird:<\/strong>\u00a0flyvbird ist ein Pionier der On-Demand-Luftfahrt und nutzt fortschrittliche Technologien wie flyvAI, um ma\u00dfgeschneiderte Flugnetze zu erstellen. Dieser innovative Ansatz f\u00fcr Flugreisen zielt darauf ab, die regionale Mobilit\u00e4t zu ver\u00e4ndern, indem kleinere Flugh\u00e4fen und nachhaltige Flugzeuge f\u00fcr einen effizienten, umweltfreundlichen Betrieb genutzt werden.<\/p>","protected":false},"excerpt":{"rendered":"<p>Leo vel fringilla est ullamcorper eget nulla facilisi etiam dignissim. Sed viverra tellus in&#8230;<\/p>\n","protected":false},"author":1,"featured_media":428,"comment_status":"open","ping_status":"open","sticky":false,"template":"","format":"standard","meta":{"_acf_changed":false,"editor_notices":[],"footnotes":""},"categories":[1],"tags":[],"class_list":["post-1","post","type-post","status-publish","format-standard","has-post-thumbnail","hentry","category-allgemein"],"acf":[],"_links":{"self":[{"href":"https:\/\/www.bodensee-airport.eu\/en\/wp-json\/wp\/v2\/posts\/1","targetHints":{"allow":["GET"]}}],"collection":[{"href":"https:\/\/www.bodensee-airport.eu\/en\/wp-json\/wp\/v2\/posts"}],"about":[{"href":"https:\/\/www.bodensee-airport.eu\/en\/wp-json\/wp\/v2\/types\/post"}],"author":[{"embeddable":true,"href":"https:\/\/www.bodensee-airport.eu\/en\/wp-json\/wp\/v2\/users\/1"}],"replies":[{"embeddable":true,"href":"https:\/\/www.bodensee-airport.eu\/en\/wp-json\/wp\/v2\/comments?post=1"}],"version-history":[{"count":5,"href":"https:\/\/www.bodensee-airport.eu\/en\/wp-json\/wp\/v2\/posts\/1\/revisions"}],"predecessor-version":[{"id":432,"href":"https:\/\/www.bodensee-airport.eu\/en\/wp-json\/wp\/v2\/posts\/1\/revisions\/432"}],"wp:featuredmedia":[{"embeddable":true,"href":"https:\/\/www.bodensee-airport.eu\/en\/wp-json\/wp\/v2\/media\/428"}],"wp:attachment":[{"href":"https:\/\/www.bodensee-airport.eu\/en\/wp-json\/wp\/v2\/media?parent=1"}],"wp:term":[{"taxonomy":"category","embeddable":true,"href":"https:\/\/www.bodensee-airport.eu\/en\/wp-json\/wp\/v2\/categories?post=1"},{"taxonomy":"post_tag","embeddable":true,"href":"https:\/\/www.bodensee-airport.eu\/en\/wp-json\/wp\/v2\/tags?post=1"}],"curies":[{"name":"wp","href":"https:\/\/api.w.org\/{rel}","templated":true}]}}